{"id":10877,"date":"2024-07-16T10:12:50","date_gmt":"2024-07-16T10:12:50","guid":{"rendered":"http:\/\/monocrom.com\/?p=10877"},"modified":"2024-07-16T10:23:51","modified_gmt":"2024-07-16T10:23:51","slug":"punt-dinflexio-10-adaptar-se-amb-monocrom-albert-isern-cto-at-monocrom","status":"publish","type":"post","link":"https:\/\/monocrom.com\/es\/2024\/07\/16\/punt-dinflexio-10-adaptar-se-amb-monocrom-albert-isern-cto-at-monocrom\/","title":{"rendered":"Punto de inflexi\u00f3n #10: Adaptarse con Monocrom. Albert Isern, CTO de Monocrom."},"content":{"rendered":"<div class=\"vce-row-container\" data-vce-boxed-width=\"true\">\n<div id=\"el-6b1cb2da\" class=\"vce-row vce-row--col-gap-30 vce-row-equal-height vce-row-content--top\" data-vce-do-apply=\"all el-6b1cb2da\">\n<div class=\"vce-row-content\" data-vce-element-content=\"true\">\n<p><\/p>\n<div id=\"el-b8921b4a\" class=\"vce-col vce-col--md-auto vce-col--xs-1 vce-col--xs-last vce-col--xs-first vce-col--sm-last vce-col--sm-first vce-col--md-last vce-col--lg-last vce-col--xl-last vce-col--md-first vce-col--lg-first vce-col--xl-first\">\n<div class=\"vce-col-inner\" data-vce-do-apply=\"border margin background el-b8921b4a\">\n<div class=\"vce-col-content\" data-vce-element-content=\"true\" data-vce-do-apply=\"padding el-b8921b4a\">\n<p><\/p>\n<div class=\"vce-text-block\">\n<div id=\"el-2ac61e55\" class=\"vce-text-block-wrapper vce\" data-vce-do-apply=\"all el-2ac61e55\">\n<p>Albert Isern, Director T\u00e9cnico de Monocrom.<\/p>\n<p>El caso de <strong>Monocrom<\/strong> a 'Punt d'inflexi\u00f3', la empresa que produce l\u00e1seres para jugadores de golf, para centrales nucleares o, finalmente y todo, para viajar a Mart con la Agencia Espacial Europea.<\/p>\n<div class=\"xgmjVLxjqfcXK5BV_XyN\">Una empresa catalana que dise\u00f1a l\u00e1seres para medir distancias, restaurar peces de arte y fines y todo viajar al planeta Mart. Esta es la historia de Monocrom.<\/div>\n<div class=\"xgmjVLxjqfcXK5BV_XyN\">\n<p class=\"encore-text encore-text-body-medium encore-internal-color-text-subdued umouqjSkMUbvF4I_Xz6r\" data-encore-id=\"text\">Adem\u00e1s de la capacidad de adaptarse me he reunido con Albert Isern, director t\u00e9cnico de Monocrom. Su empresa est\u00e1 especializada en componentes l\u00e1ser, pero a\u00fan se le da mucho trabajo transformarlos para adaptarlos a las necesidades del cliente.<\/p>\n<\/div>\n<div class=\"xgmjVLxjqfcXK5BV_XyN\">\n<p class=\"encore-text encore-text-body-medium encore-internal-color-text-subdued umouqjSkMUbvF4I_Xz6r\" data-encore-id=\"text\">En este episodio tambi\u00e9n nos acompa\u00f1a Joan Mart\u00ed, director de Estrategia empresarial de ACCI\u00d3. \"Las empresas m\u00e1s competitivas tienen un denominador com\u00fan: la capacidad de adaptarse y de trabajar en el momento y la direcci\u00f3n adecuadas\".<\/p>\n<\/div>\n<div class=\"xgmjVLxjqfcXK5BV_XyN\">\n<p class=\"encore-text encore-text-body-medium encore-internal-color-text-subdued umouqjSkMUbvF4I_Xz6r\" data-encore-id=\"text\">Si quieres que tu empresa encuentre su punto de inflexi\u00f3n entra en <a draggable=\"false\" href=\"https:\/\/www.accio.gencat.cat\/ca\/inici\" target=\"_blank\" rel=\"noopener\">accio.gencat.cat<\/a><\/p>\n<p><iframe loading=\"lazy\" style=\"border-radius: 12px;\" src=\"https:\/\/open.spotify.com\/embed\/episode\/7i5oW5W7pHvYdpj9j858t0?utm_source=generator\" width=\"100%\" height=\"352\" frameborder=\"0\" allowfullscreen=\"allowfullscreen\"><\/iframe><\/p>\n<\/div>\n<\/div>\n<div id=\"el-2ac61e55\" class=\"vce-text-block-wrapper vce\" data-vce-do-apply=\"all el-2ac61e55\">\n<div class=\"xgmjVLxjqfcXK5BV_XyN\">\n<p class=\"encore-text encore-text-body-medium encore-internal-color-text-subdued umouqjSkMUbvF4I_Xz6r\" data-encore-id=\"text\">fuente: Vi<a href=\"https:\/\/www.viaempresa.cat\/empresa\/punt-inflexio-10-adaptar-se-monocrom_2200451_102.html?utm_source=butlleti&amp;utm_medium=butlleti-mati&amp;utm_campaign=butlleti-mati-2024-07-10-ca\" target=\"_blank\" rel=\"noopener\">a Empresa<\/a>, <a href=\"https:\/\/www.accio.gencat.cat\/en\/inici\/index.html\" target=\"_blank\" rel=\"noopener\">Accio GENCAT<\/a><\/p>\n<\/div>\n<\/div>\n<\/div>\n<p><\/p>\n<\/div>\n<\/div>\n<\/div>\n<p><\/p>\n<\/div>\n<\/div>\n<\/div>\n<p><!--vcv no format--><\/p>","protected":false},"excerpt":{"rendered":"<p>Albert Isern, CTO de Monocrom. El caso de Monocrom a 'Punt d'inflexi\u00f3', la empresa que produce l\u00e1seres para compa\u00f1eros de golf, para centrales nucleares o, fins i tot, per<\/p>","protected":false},"author":16,"featured_media":10880,"comment_status":"closed","ping_status":"closed","sticky":true,"template":"","format":"image","meta":{"_acf_changed":false,"footnotes":""},"categories":[343,351,445,345],"tags":[498,497,495,496],"class_list":["post-10877","post","type-post","status-publish","format-image","has-post-thumbnail","hentry","category-industrial","category-laser-electronics","category-press-releases","category-research","tag-accio10","tag-gencat","tag-industrial","tag-research","post_format-post-format-image"],"acf":[],"_links":{"self":[{"href":"https:\/\/monocrom.com\/es\/wp-json\/wp\/v2\/posts\/10877","targetHints":{"allow":["GET"]}}],"collection":[{"href":"https:\/\/monocrom.com\/es\/wp-json\/wp\/v2\/posts"}],"about":[{"href":"https:\/\/monocrom.com\/es\/wp-json\/wp\/v2\/types\/post"}],"author":[{"embeddable":true,"href":"https:\/\/monocrom.com\/es\/wp-json\/wp\/v2\/users\/16"}],"replies":[{"embeddable":true,"href":"https:\/\/monocrom.com\/es\/wp-json\/wp\/v2\/comments?post=10877"}],"version-history":[{"count":0,"href":"https:\/\/monocrom.com\/es\/wp-json\/wp\/v2\/posts\/10877\/revisions"}],"wp:featuredmedia":[{"embeddable":true,"href":"https:\/\/monocrom.com\/es\/wp-json\/wp\/v2\/media\/10880"}],"wp:attachment":[{"href":"https:\/\/monocrom.com\/es\/wp-json\/wp\/v2\/media?parent=10877"}],"wp:term":[{"taxonomy":"category","embeddable":true,"href":"https:\/\/monocrom.com\/es\/wp-json\/wp\/v2\/categories?post=10877"},{"taxonomy":"post_tag","embeddable":true,"href":"https:\/\/monocrom.com\/es\/wp-json\/wp\/v2\/tags?post=10877"}],"curies":[{"name":"wp","href":"https:\/\/api.w.org\/{rel}","templated":true}]}}