{"id":11212,"date":"2025-06-06T11:35:20","date_gmt":"2025-06-06T11:35:20","guid":{"rendered":"http:\/\/monocrom.com\/?p=11212"},"modified":"2025-06-16T15:09:49","modified_gmt":"2025-06-16T15:09:49","slug":"descubre-monocrom-en-laser-world-of-photonics","status":"publish","type":"post","link":"https:\/\/monocrom.com\/es\/2025\/06\/06\/discover-monocrom-laser-world-of-photonics\/","title":{"rendered":"Descubra Monocrom en la feria Laser World of Photonics 2025 de M\u00fanich."},"content":{"rendered":"<p>Estamos encantados de anunciar que Monocrom expondr\u00e1 en <a href=\"https:\/\/world-of-photonics.com\/en\/trade-fair\/\" target=\"_blank\" rel=\"noopener\">Laser World of Photonics M\u00fanich<\/a> 2025, la principal feria mundial de tecnolog\u00edas y aplicaciones fot\u00f3nicas.<\/p>\r\n<p>Como siempre, el acto se celebrar\u00e1 en paralelo al Congreso World of Photonics, que reunir\u00e1 a miles de expertos e innovadores de todo el sector de la fot\u00f3nica.<\/p>\r\n<p>Venga a vernos a <strong>Stand 418 del pabell\u00f3n B3<\/strong>donde presentaremos nuestras \u00faltimas innovaciones y soluciones en m\u00faltiples tecnolog\u00edas y aplicaciones l\u00e1ser.<\/p>\r\n<p>&nbsp;<\/p>\r\n<h4><strong>\u00bfQu\u00e9 ver\u00e1 en nuestro stand en Laser World of Photonics?<\/strong><\/h4>\r\n<p>Nuestro equipo de expertos presentar\u00e1 una cuidada selecci\u00f3n de tecnolog\u00edas l\u00e1ser de vanguardia optimizadas para ofrecer rendimiento, eficacia y precisi\u00f3n:<\/p>\r\n<ul>\r\n<li>Tratamientos est\u00e9ticos con l\u00e1ser<\/li>\r\n<\/ul>\r\n<p><strong>CAST<\/strong>: Plataforma l\u00e1ser de diodo de alta potencia de hasta 7200 W, con longitudes de onda personalizables (755-1060 nm) y tama\u00f1os de punto (0,5-10 cm\u00b2), perfecta para depilaci\u00f3n y dermatolog\u00eda.<\/p>\r\n<ul>\r\n<li>L\u00e1seres oftalmol\u00f3gicos<\/li>\r\n<\/ul>\r\n<p><strong>MP532-3W<\/strong>: L\u00e1ser de diodo compacto de &lt;3 W a 532 nm. De confianza en todo el mundo desde hace m\u00e1s de 15 a\u00f1os en tratamientos de retina y aplicaciones oft\u00e1lmicas.<\/p>\r\n<ul>\r\n<li>LiDAR y aplicaciones de defensa<\/li>\r\n<\/ul>\r\n<p><strong>LiDME<\/strong>: M\u00f3dulo l\u00e1ser vers\u00e1til que ofrece &lt;3 kW de potencia m\u00e1xima y agilidad de longitud de onda de 760 a 2900 nm, ideal para sistemas de teledetecci\u00f3n, control medioambiental y defensa.<\/p>\r\n<ul>\r\n<li>Calefacci\u00f3n y secado industrial<\/li>\r\n<\/ul>\r\n<p><strong>HeatMe<\/strong>: Sistema de calentamiento por l\u00e1ser con formas de punto configurables (l\u00ednea, trapecio, etc.), distancias de trabajo y potencias de 1 a 10 kW, optimizado para el secado de precisi\u00f3n y el procesamiento t\u00e9rmico.<\/p>\r\n<ul>\r\n<li>Soluciones de bombeo l\u00e1ser<\/li>\r\n<\/ul>\r\n<p><strong>Pila M:<\/strong> Pila de diodos est\u00e1ndar del sector con una potencia pico de hasta 500 W\/LB y opciones de longitud de onda personalizadas, dise\u00f1ada para el bombeo de l\u00e1seres de estado s\u00f3lido.<\/p>\r\n<ul>\r\n<li>Ablaci\u00f3n de materiales y LIBS<\/li>\r\n<\/ul>\r\n<p><strong>L\u00e1ser LIBS:<\/strong> Hasta 200 mJ a 200 Hz con una larga vida \u00fatil y una calidad de haz excepcional: dise\u00f1ado para una ablaci\u00f3n l\u00e1ser y un an\u00e1lisis elemental r\u00e1pidos y precisos.<\/p>\r\n<p>&nbsp;<\/p>\r\n<h4><strong>C\u00f3ctel de vino y jam\u00f3n - 25 de junio a las 17.00 horas<\/strong><\/h4>\r\n<p data-start=\"2288\" data-end=\"2512\">\u00a1Celebremos juntos la innovaci\u00f3n! \u00danase a nosotros para una aut\u00e9ntica <strong data-start=\"3475\" data-end=\"3512\">C\u00f3ctel de vino y jam\u00f3n<\/strong> en nuestro stand el <strong data-start=\"3529\" data-end=\"3558\">Mi\u00e9rcoles, 25 de junio a las 17:00<\/strong>. Disfrute de un vino espa\u00f1ol de primera calidad y <em data-start=\"3606\" data-end=\"3621\">jam\u00f3n ib\u00e9rico<\/em> en un ambiente distendido con nuestro equipo y otros profesionales del sector.<\/p>\r\n<p data-start=\"2514\" data-end=\"2697\">No hace falta invitaci\u00f3n formal, s\u00f3lo traer curiosidad y buen humor. Si desea confirmar su asistencia, no dude en enviarnos un correo electr\u00f3nico a:<\/p>\r\n<p>marketing@monocrom.com<\/p>\r\n<p>&nbsp;<\/p>\r\n<h4 data-start=\"3837\" data-end=\"3875\"><strong>Concierte una reuni\u00f3n personalizada<\/strong><\/h4>\r\n<p>Pong\u00e1monos en contacto Para una demostraci\u00f3n o consulta personalizada, no dude en ponerse en contacto con nosotros <strong data-start=\"286\" data-end=\"306\">antes del acontecimiento<\/strong> para concertar una cita a trav\u00e9s del siguiente enlace:<\/p>\r\n<p><a href=\"https:\/\/monocrom.com\/es\/agenda-2025\/lwop-munich-2025\/\">Programar una reuni\u00f3n<\/a><\/p>\r\n<p>sales@monocrom.com<\/p>\r\n<p>+34 636 899 463 \/ +34 603 747 019<\/p>\r\n<h4 data-start=\"2925\" data-end=\"2947\"><strong>Nos vemos en M\u00fanich.<\/strong><\/h4>\r\n<p data-start=\"2949\" data-end=\"3058\">Esperamos recibirle en <strong data-start=\"4369\" data-end=\"4402\">L\u00e1ser El mundo de la fot\u00f3nica 2025<\/strong> en M\u00fanich. No se pierda esta oportunidad de vivir <strong data-start=\"4456\" data-end=\"4486\">La experiencia l\u00e1ser de Monocrom<\/strong>explore nuestra <strong data-start=\"4500\" data-end=\"4550\">\u00faltimos avances en tecnolog\u00eda l\u00e1ser de diodo<\/strong>y descubra c\u00f3mo nuestras soluciones pueden impulsar su pr\u00f3xima innovaci\u00f3n.<\/p>\r\n<p>&nbsp;<\/p>\r\n<p>&nbsp;<\/p>","protected":false},"excerpt":{"rendered":"<p>Monocrom estar\u00e1 presente en Laser World of Photonics en el stand 444, pabell\u00f3n A3, donde mostraremos nuestra cartera completa de soluciones l\u00e1ser para aplicaciones m\u00e9dicas e industriales. <\/p>","protected":false},"author":16,"featured_media":11236,"comment_status":"closed","ping_status":"closed","sticky":false,"template":"","format":"standard","meta":{"_acf_changed":false,"footnotes":""},"categories":[465,455,343,351],"tags":[],"class_list":["post-11212","post","type-post","status-publish","format-standard","has-post-thumbnail","hentry","category-articles","category-blog","category-industrial","category-laser-electronics"],"acf":[],"_links":{"self":[{"href":"https:\/\/monocrom.com\/es\/wp-json\/wp\/v2\/posts\/11212","targetHints":{"allow":["GET"]}}],"collection":[{"href":"https:\/\/monocrom.com\/es\/wp-json\/wp\/v2\/posts"}],"about":[{"href":"https:\/\/monocrom.com\/es\/wp-json\/wp\/v2\/types\/post"}],"author":[{"embeddable":true,"href":"https:\/\/monocrom.com\/es\/wp-json\/wp\/v2\/users\/16"}],"replies":[{"embeddable":true,"href":"https:\/\/monocrom.com\/es\/wp-json\/wp\/v2\/comments?post=11212"}],"version-history":[{"count":0,"href":"https:\/\/monocrom.com\/es\/wp-json\/wp\/v2\/posts\/11212\/revisions"}],"wp:featuredmedia":[{"embeddable":true,"href":"https:\/\/monocrom.com\/es\/wp-json\/wp\/v2\/media\/11236"}],"wp:attachment":[{"href":"https:\/\/monocrom.com\/es\/wp-json\/wp\/v2\/media?parent=11212"}],"wp:term":[{"taxonomy":"category","embeddable":true,"href":"https:\/\/monocrom.com\/es\/wp-json\/wp\/v2\/categories?post=11212"},{"taxonomy":"post_tag","embeddable":true,"href":"https:\/\/monocrom.com\/es\/wp-json\/wp\/v2\/tags?post=11212"}],"curies":[{"name":"wp","href":"https:\/\/api.w.org\/{rel}","templated":true}]}}