{"id":7195,"date":"2016-10-14T19:54:28","date_gmt":"2016-10-14T19:54:28","guid":{"rendered":"http:\/\/monocrom.com\/?p=7195"},"modified":"2024-02-22T11:46:32","modified_gmt":"2024-02-22T11:46:32","slug":"proximamente-el-dia-de-la-fotonica-2016","status":"publish","type":"post","link":"https:\/\/monocrom.com\/es\/2016\/10\/14\/day-of-photonics-2016-happening-soon\/","title":{"rendered":"D\u00eda de la Fot\u00f3nica 2016. Pr\u00f3ximamente"},"content":{"rendered":"<h2>D\u00eda de la Fot\u00f3nica 2016. Pr\u00f3ximamente<\/h2>\n<p>Este a\u00f1o celebramos el D\u00eda Internacional de la Fot\u00f3nica junto con estudiantes de la Escuela T\u00e9cnica Superior de Ingenier\u00eda de la UPC.La visita formativa tendr\u00e1 lugar en nuestras instalaciones de Vilanova i la Geltru e incluir\u00e1 diferentes actividades entre las que destacan, sesiones de trabajo B2B con especialistas de nuestro departamento de Investigaci\u00f3n y Desarrollo y una breve presentaci\u00f3n sobre aplicaciones del l\u00e1ser.<\/p>\n<div id=\"blogContent\" class=\"row titulo\">\n<div class=\"col-md-6\">\n<p>Si eres estudiante de ingenier\u00eda en la Universidad Polit\u00e9cnica de Catalu\u00f1a o est\u00e1s estudiando fot\u00f3nica, te invitamos a unirte a nuestras sesiones de formaci\u00f3n sobre l\u00e1ser en este d\u00eda tan especial para nosotros.<\/p>\n<p>Env\u00edenos un correo electr\u00f3nico a <strong>info@monocrom.com<\/strong> para reservar su plaza<\/p>\n<\/div>\n<\/div>\n<p>&nbsp;<\/p>","protected":false},"excerpt":{"rendered":"<p>D\u00eda de la Fot\u00f3nica 2016. Happening soon Este a\u00f1o celebramos el D\u00eda Internacional de la Fot\u00f3nica junto con estudiantes de la Escuela T\u00e9cnica Superior de Ingenier\u00eda de la UPC.La visita formativa se<\/p>","protected":false},"author":16,"featured_media":9486,"comment_status":"closed","ping_status":"closed","sticky":true,"template":"","format":"standard","meta":{"_acf_changed":false,"footnotes":""},"categories":[455,445],"tags":[],"class_list":["post-7195","post","type-post","status-publish","format-standard","has-post-thumbnail","hentry","category-blog","category-press-releases"],"acf":[],"_links":{"self":[{"href":"https:\/\/monocrom.com\/es\/wp-json\/wp\/v2\/posts\/7195","targetHints":{"allow":["GET"]}}],"collection":[{"href":"https:\/\/monocrom.com\/es\/wp-json\/wp\/v2\/posts"}],"about":[{"href":"https:\/\/monocrom.com\/es\/wp-json\/wp\/v2\/types\/post"}],"author":[{"embeddable":true,"href":"https:\/\/monocrom.com\/es\/wp-json\/wp\/v2\/users\/16"}],"replies":[{"embeddable":true,"href":"https:\/\/monocrom.com\/es\/wp-json\/wp\/v2\/comments?post=7195"}],"version-history":[{"count":0,"href":"https:\/\/monocrom.com\/es\/wp-json\/wp\/v2\/posts\/7195\/revisions"}],"wp:featuredmedia":[{"embeddable":true,"href":"https:\/\/monocrom.com\/es\/wp-json\/wp\/v2\/media\/9486"}],"wp:attachment":[{"href":"https:\/\/monocrom.com\/es\/wp-json\/wp\/v2\/media?parent=7195"}],"wp:term":[{"taxonomy":"category","embeddable":true,"href":"https:\/\/monocrom.com\/es\/wp-json\/wp\/v2\/categories?post=7195"},{"taxonomy":"post_tag","embeddable":true,"href":"https:\/\/monocrom.com\/es\/wp-json\/wp\/v2\/tags?post=7195"}],"curies":[{"name":"wp","href":"https:\/\/api.w.org\/{rel}","templated":true}]}}